[{"@context":"https:\/\/schema.org\/","@type":"Article","@id":"https:\/\/www.kamaso.cz\/svatebni-koordinator-praha\/#Article","mainEntityOfPage":"https:\/\/www.kamaso.cz\/svatebni-koordinator-praha\/","headline":"Svatebn\u00ed koordin\u00e1tor Praha","name":"Svatebn\u00ed koordin\u00e1tor Praha","description":"Ch\u00e1peme, \u017ee spousta lid\u00ed nem\u00e1 tolik \u010dasu, aby \u0159e\u0161ila m\u00edsto, ozn\u00e1men\u00ed, menu, program a v\u0161echny dal\u0161\u00ed z\u00e1le\u017eitosti spojen\u00e9 s touhle&hellip;","datePublished":"2020-02-10","dateModified":"2023-05-03","author":{"@type":"Person","@id":"https:\/\/www.kamaso.cz\/author\/#Person","name":"","url":"https:\/\/www.kamaso.cz\/author\/","identifier":1,"image":{"@type":"ImageObject","@id":"https:\/\/secure.gravatar.com\/avatar\/f677d652d46d6437b40497bee38030612d53a3103b24904f519be33cae485306?s=96&d=mm&r=g","url":"https:\/\/secure.gravatar.com\/avatar\/f677d652d46d6437b40497bee38030612d53a3103b24904f519be33cae485306?s=96&d=mm&r=g","height":96,"width":96}},"publisher":{"@type":"Organization","name":"kamaso.cz","logo":{"@type":"ImageObject","@id":"\/logo.png","url":"\/logo.png","width":600,"height":60}},"image":{"@type":"ImageObject","@id":"https:\/\/www.kamaso.cz\/wp-content\/uploads\/img_a374174_w1904_t1585817602.jpg","url":"https:\/\/www.kamaso.cz\/wp-content\/uploads\/img_a374174_w1904_t1585817602.jpg","height":0,"width":0},"url":"https:\/\/www.kamaso.cz\/svatebni-koordinator-praha\/","about":["Business"],"wordCount":439,"articleBody":"      Ch\u00e1peme, \u017ee spousta lid\u00ed nem\u00e1 tolik \u010dasu, aby \u0159e\u0161ila m\u00edsto, ozn\u00e1men\u00ed, menu, program a v\u0161echny dal\u0161\u00ed z\u00e1le\u017eitosti spojen\u00e9 s touhle radostnou ud\u00e1lost\u00ed. Svatebn\u00ed koordin\u00e1tor Praha p\u0159esn\u011b v\u00ed, kam m\u00e1 zavolat, co napl\u00e1novat, co za\u0159\u00eddit a tak d\u00e1le. Po sd\u011blen\u00ed va\u0161\u00ed p\u0159edstavy svatby v\u00e1m pak budeme d\u00e1vat n\u00e1vrhy a samoz\u0159ejm\u011b, \u017ee v\u0161echno budete muset odsouhlasit, z na\u0161\u00ed strany to budou n\u00e1vrhy a pokud se v\u00e1m noc l\u00edbit nebude, tak vymysl\u00edme jinou variantu.  Nen\u00ed to a\u017e tak jednoduch\u00e9, mus\u00edte za\u0159\u00eddit spousty v\u011bc\u00ed a pokud se v tomhle neorientujete, tak to pro v\u00e1s bude \u010dasov\u011b i nervov\u011b velmi n\u00e1ro\u010dn\u00e9. U\u0161et\u0159ete starosti. My pro v\u00e1s zajist\u00edme to nejlep\u0161\u00ed. M\u00e1me ty spr\u00e1vn\u00e9 kontakty. Zajist\u00edme logistiku, hostinu, rauty, z\u00e1sobov\u00e1n\u00ed, m\u00edsto, moder\u00e1tora, kapelu, fotografa, objedn\u00e1me v\u00e1s do sal\u00f3nu, zajist\u00edme zkou\u0161ku l\u00ed\u010den\u00ed a \u0161at\u016f atd. Jsme tu pro v\u00e1s, proto v\u0161echno m\u016f\u017eete spole\u010dn\u011b zvl\u00e1dnout naprosto na jedni\u010dku. Nav\u00edc n\u00e1s organizov\u00e1n\u00ed bav\u00ed, a pokud n\u011bco d\u011bl\u00e1te a bav\u00ed v\u00e1s, to, tak to jde vid\u011bt. Koordinovat svatby um\u00edme a m\u00e1me bohat\u00e9 zku\u0161enosti.  Profesion\u00e1ln\u00ed p\u0159\u00edstup Pokud vyhled\u00e1te na\u0161e slu\u017eby, tak ne\u010dekejte jen tak n\u011bjak\u00e9 slu\u017eby. V\u0161echno je maxim\u00e1ln\u011b na m\u00edru, po individu\u00e1ln\u00ed domluv\u011b. Za\u0159\u00edd\u00edme v\u0161echno dle va\u0161ich po\u017eadavk\u016f. M\u016f\u017eeme v\u00e1m poskytnout n\u011bjak\u00e9 n\u00e1vrhy a tipy. Postar\u00e1me se i b\u011bhem dne o z\u00e1bavu, aby to nebylo na mrtv\u00e9m bod\u011b, aby byla z\u00e1bava, aby se po\u0159\u00e1d n\u011bco d\u011blo a v\u0161echno budeme koordinovat v takov\u00e9m duchu, jak se domluv\u00edme. P\u0159edev\u0161\u00edm se budeme soust\u0159edit na to, aby v\u0161echno fungovalo dle pl\u00e1nu, abychom udr\u017eeli z\u00e1bavnou atmosf\u00e9ru, aby bylo dostatek d\u00edla, pit\u00ed, alkoholu a podobn\u011b. Na\u0161e slu\u017eby se zkr\u00e1tka vyplat\u00ed vyu\u017e\u00edt. Budete v klidu a bez stresu, co\u017e je velmi d\u016fle\u017eit\u00e9, abyste si to v\u0161echno pat\u0159i\u010dn\u011b u\u017eili, proto\u017ee je to v\u00e1\u0161 den, tak mus\u00ed b\u00fdt dokonal\u00fd. Skv\u011bl\u00e1 cenov\u00e9 nab\u00eddka Co se t\u00fd\u010de ceny, tak se nebojte, \u017ee by to byla n\u011bjak\u00e1 vysok\u00e1, z\u00e1vratn\u00e1 \u010d\u00e1stka. V\u0161e odpov\u00edd\u00e1 slu\u017eb\u00e1m, kter\u00e9 odvedeme, \u010dasu, kter\u00fd nad va\u0161\u00edm dnem str\u00e1v\u00edme.                                                                                                                                                                                                                                                                                                                                                                                          4.3\/5 - (14 votes)        "},{"@context":"https:\/\/schema.org\/","@type":"BreadcrumbList","itemListElement":[{"@type":"ListItem","position":1,"name":"Svatebn\u00ed koordin\u00e1tor Praha","item":"https:\/\/www.kamaso.cz\/svatebni-koordinator-praha\/#breadcrumbitem"}]}]