[{"@context":"https:\/\/schema.org\/","@type":"Article","@id":"https:\/\/www.kamaso.cz\/kontejner-na-pujceni\/#Article","mainEntityOfPage":"https:\/\/www.kamaso.cz\/kontejner-na-pujceni\/","headline":"Kontejner na p\u016fj\u010den\u00ed","name":"Kontejner na p\u016fj\u010den\u00ed","description":"Kdy\u017e jsem je\u0161t\u011b pracovala v zahradnictv\u00ed a kv\u011btin\u00e1\u0159stv\u00ed, tak jsme tam m\u011bli opravdu skv\u011blou partu lid\u00ed. Moc se mi tam&hellip;","datePublished":"2023-12-29","dateModified":"2024-02-01","author":{"@type":"Person","@id":"https:\/\/www.kamaso.cz\/author\/#Person","name":"","url":"https:\/\/www.kamaso.cz\/author\/","identifier":1,"image":{"@type":"ImageObject","@id":"https:\/\/secure.gravatar.com\/avatar\/f677d652d46d6437b40497bee38030612d53a3103b24904f519be33cae485306?s=96&d=mm&r=g","url":"https:\/\/secure.gravatar.com\/avatar\/f677d652d46d6437b40497bee38030612d53a3103b24904f519be33cae485306?s=96&d=mm&r=g","height":96,"width":96}},"publisher":{"@type":"Organization","name":"kamaso.cz","logo":{"@type":"ImageObject","@id":"\/logo.png","url":"\/logo.png","width":600,"height":60}},"image":{"@type":"ImageObject","@id":"https:\/\/www.kamaso.cz\/wp-content\/uploads\/container-3754437_1280.jpg","url":"https:\/\/www.kamaso.cz\/wp-content\/uploads\/container-3754437_1280.jpg","height":0,"width":0},"url":"https:\/\/www.kamaso.cz\/kontejner-na-pujceni\/","about":["Business"],"wordCount":404,"articleBody":"   Kdy\u017e jsem je\u0161t\u011b pracovala v zahradnictv\u00ed a kv\u011btin\u00e1\u0159stv\u00ed, tak jsme tam m\u011bli opravdu skv\u011blou partu lid\u00ed. Moc se mi tam l\u00edbilo a \u0159ekla jsem si, \u017ee lep\u0161\u00ed zam\u011bstn\u00e1n\u00ed jsem snad ani sehnat nemohla. M\u011bli jsme tam opravdu mnoho v\u011bc\u00ed a tak\u00e9, abychom toho mohli v\u0161echno n\u011bkam poskl\u00e1dat, tak jsme pot\u0159ebovali r\u016fzn\u00e9 \u00falo\u017en\u00e9 boxy anebo tak\u00e9 kontejnery. Ale kontejnery byly na n\u00e1s a na n\u00e1\u0161 obchod opravdu moc velik\u00e9. Tak jsme si \u0159ekli, \u017ee si pronajmeme kontejnery. Cena za pron\u00e1jem kontejner\u016f nen\u00ed nikterak vysok\u00e1. J\u00e1 sama jsem si myslela, \u017ee cena za pron\u00e1jem kontejneru bude opravdu hodn\u011b velik\u00e1 a\u017e astronomick\u00e1. Byla jsem p\u0159ekvapen\u00e1, kdy\u017e cena byla polovi\u010dn\u00ed ne\u017e podle m\u00e9ho o\u010dek\u00e1v\u00e1n\u00ed.Tak\u00e9 si \u0159\u00edk\u00e1m, \u017ee kdybych j\u00e1 s partnerem tehdy v\u011bd\u011bla, \u017ee se d\u00e1 sehnat na pron\u00e1jem tak\u00e9 levn\u00fd kontejner, \u017ee bychom tohle vyu\u017eili, proto\u017ee p\u0159ed p\u011bti lety, kdy\u017e jsme se st\u011bhovali z mal\u00e9ho bytu do velk\u00e9ho domu, tak jsme pot\u0159ebovali d\u00e1t n\u011bkam na\u0161e v\u011bci. Jenom\u017ee st\u00e1vaj\u00ed jsme nemohli p\u0159ij\u00edt na n\u011bco, co by asi tak bylo pro n\u00e1s nejv\u00edce vhodn\u00e9. Tak jsme si pronajali akor\u00e1t ty dv\u011b dod\u00e1vky a \u010dty\u0159ikr\u00e1t tam a zp\u00e1tky jsme jeli, abychom p\u0159ed\u011blali na\u0161e v\u011bci a mohli je p\u0159en\u00e1\u0161et n\u011bkam jinam. Cena za pron\u00e1jem kontejner\u016f je opravdu prima a jsem moc r\u00e1da, \u017ee tato slu\u017eba tak\u00e9 existuje. Proto\u017ee se vyplat\u00ed hlavn\u011b pro ty lidi, kte\u0159\u00ed se pr\u00e1v\u011b n\u011bkam st\u011bhuj\u00ed, anebo kdy\u017e pot\u0159ebuj\u00ed t\u0159eba na n\u011bkolik dn\u00ed a nebo na n\u011bkolik t\u00fddn\u016f uschovat n\u011bkde svoje v\u011bci. Proto\u017ee je velice nep\u0159\u00edjemn\u00e9, kdy\u017e m\u00e1m hodn\u011b v\u011bc\u00ed a pot\u0159ebovala bych je odlo\u017eit. Je pak nep\u0159\u00edjemn\u00e9, kdy\u017e potom n\u011bkde \u017eebr\u00e1m u rodiny, jestli se toho nem\u016f\u017eu nechat u nich, kdy\u017e v\u0161ichni maj\u00ed mal\u00e9 byty a pochybuji, \u017ee by se tam je\u0161t\u011b ve\u0161li moje v\u011bci, tak\u017ee neb\u00fdt toho, \u017ee by existovala slu\u017eba pron\u00e1jem kontejner\u016f, tak bych asi byla nahran\u00e1. Tak\u00e9 bych cht\u011bla zm\u00ednit, abyste se o kontejnery dob\u0159e starali.                                                                                                                                                                                                                                                                                                                                                                                           4.4\/5 - (8 votes)        "},{"@context":"https:\/\/schema.org\/","@type":"BreadcrumbList","itemListElement":[{"@type":"ListItem","position":1,"name":"Kontejner na p\u016fj\u010den\u00ed","item":"https:\/\/www.kamaso.cz\/kontejner-na-pujceni\/#breadcrumbitem"}]}]