[{"@context":"https:\/\/schema.org\/","@type":"Article","@id":"https:\/\/www.kamaso.cz\/kdo-se-o-vas-stara\/#Article","mainEntityOfPage":"https:\/\/www.kamaso.cz\/kdo-se-o-vas-stara\/","headline":"Kdo se o v\u00e1s star\u00e1?","name":"Kdo se o v\u00e1s star\u00e1?","description":"M\u00e1te r\u00e1di, kdy\u017e se o v\u00e1s n\u011bkdo star\u00e1? Asi jak v kter\u00e9m v\u011bku. Mal\u00e9 d\u011bti jsou na sv\u00fdch rodi\u010d\u00edch zcela&hellip;","datePublished":"2022-04-13","dateModified":"2023-05-03","author":{"@type":"Person","@id":"https:\/\/www.kamaso.cz\/author\/#Person","name":"","url":"https:\/\/www.kamaso.cz\/author\/","identifier":1,"image":{"@type":"ImageObject","@id":"https:\/\/secure.gravatar.com\/avatar\/f677d652d46d6437b40497bee38030612d53a3103b24904f519be33cae485306?s=96&d=mm&r=g","url":"https:\/\/secure.gravatar.com\/avatar\/f677d652d46d6437b40497bee38030612d53a3103b24904f519be33cae485306?s=96&d=mm&r=g","height":96,"width":96}},"publisher":{"@type":"Organization","name":"kamaso.cz","logo":{"@type":"ImageObject","@id":"\/logo.png","url":"\/logo.png","width":600,"height":60}},"image":{"@type":"ImageObject","@id":"https:\/\/www.kamaso.cz\/wp-content\/uploads\/hands-g37ea7f837_640.jpg","url":"https:\/\/www.kamaso.cz\/wp-content\/uploads\/hands-g37ea7f837_640.jpg","height":0,"width":0},"url":"https:\/\/www.kamaso.cz\/kdo-se-o-vas-stara\/","about":["Ekonomika"],"wordCount":448,"articleBody":"        M\u00e1te r\u00e1di, kdy\u017e se o v\u00e1s n\u011bkdo star\u00e1? Asi jak v kter\u00e9m v\u011bku.Mal\u00e9 d\u011bti jsou na sv\u00fdch rodi\u010d\u00edch zcela z\u00e1visl\u00e9, a o \u017e\u00e1dn\u00e9ho sv\u00e9ho potomka se na Zemi \u017e\u00e1dn\u00fd tvor nestar\u00e1 tak dlouho. T\u011b\u017eko \u0159\u00edct, od jak\u00e9ho v\u011bku by se d\u00edt\u011b o sebe dok\u00e1zalo postarat, ale dalo by se \u0159\u00edct, \u017ee d\u0159\u00edve, ne\u017e v patn\u00e1cti letech to v na\u0161i civilizaci nep\u016fjde. A v t\u011bch patn\u00e1cti by to bylo probl\u00e9mov\u00e9, proto\u017ee sehnat pr\u00e1ci v tomhle v\u011bku bude slo\u017eit\u00e9.Nicm\u00e9n\u011b u\u017e s n\u00e1stupem puberty d\u011bti o starostlivost rodi\u010d\u016f moc nestoj\u00ed. Cht\u011bli by se osamostatnit a chovat se jak dosp\u011bl\u00ed, co\u017e ale je\u0161t\u011b chv\u00edli potrv\u00e1, proto\u017ee finan\u010dn\u00ed z\u00e1vislost na rodi\u010d\u00edch trv\u00e1 a\u017e do konce studi\u00ed, a to je mnohdy a\u017e do dvaceti \u0161esti let. I pot\u00e9 mnoho mlad\u00fdch z\u016fst\u00e1v\u00e1 pod jednou st\u0159echou s rodi\u010di, ne\u017e si najdou vlastn\u00ed bydlen\u00ed a hlavn\u011b, ne\u017e maj\u00ed pen\u00edze na vlastn\u00ed bydlen\u00ed.V\u016fbec, ot\u00e1zka financ\u00ed, to jsme r\u00e1di, pokud n\u00e1m s t\u00edm n\u011bkdo pom\u016f\u017ee a porad\u00ed. Finan\u010dn\u00ed poradce by m\u011bl b\u00fdt samoz\u0159ejmost\u00ed, pokud pen\u00edze m\u00e1me, ale i pokud je nem\u00e1me. Dal\u0161\u00ed, kdo \u0159\u00edk\u00e1, \u017ee se o n\u00e1s star\u00e1, je vl\u00e1da. Jen\u017ee vl\u00e1dy se s volbami vym\u011bn\u00ed a nev\u00edm jak vy, ale j\u00e1 m\u00e1m pocit, \u017ee je to \u010d\u00edm d\u00e1l hor\u0161\u00ed. Nov\u00e9 probl\u00e9my a nov\u00ed lid\u00e9, kte\u0159\u00ed nev\u00ed, co s nimi.Pt\u00e1t se, jestli tito se o n\u00e1s staraj\u00ed Fahd, je zna\u010dn\u011b filozofick\u00e1 ot\u00e1zka. Mo\u017en\u00e1 ano, mo\u017en\u00e1 ne, ale situace v posledn\u00ed dob\u011b, co se zdra\u017eov\u00e1n\u00ed t\u00fdk\u00e1, za\u010d\u00edn\u00e1 b\u00fdt kritick\u00e1. Ceny benz\u00ednu a nafty jsou d\u011bsiv\u00e9, ale hlavn\u011b za\u010d\u00ednaj\u00ed zdra\u017eovat i z\u00e1kladn\u00ed potraviny, co\u017e pro n\u00edzkop\u0159\u00edjmov\u00e9 rodiny je u\u017e nyn\u00ed velk\u00fdm probl\u00e9mem, jak vyj\u00edt s platem. Do toho zdra\u017euj\u00ed i energie, a je\u0161t\u011b, \u017ee je tu l\u00e9to, a nebudeme muset doma topit. Pot\u0159ebujeme-li pomoc v n\u011bjak\u00e9m v\u011bku, tak je to v \u00fatl\u00e9m v\u011bku a pak v tom pozdn\u00edm, kdy u\u017e pomalu p\u0159est\u00e1v\u00e1me zvl\u00e1dat b\u011b\u017en\u00fd provoz dom\u00e1cnosti, p\u0159est\u00e1v\u00e1me b\u00fdt sob\u011bsta\u010dn\u00ed a pot\u0159ebujeme pomoc se z\u00e1kladn\u00edmi \u00fakony. Bohu\u017eel st\u00e1\u0159\u00ed um\u00ed b\u00fdt zl\u00e9, ale hodn\u00ed pomocn\u00edci se v\u017edy najdou.                                                                                                                                                                                                                                                                                                                                                                                          4.5\/5 - (10 votes)        "},{"@context":"https:\/\/schema.org\/","@type":"BreadcrumbList","itemListElement":[{"@type":"ListItem","position":1,"name":"Kdo se o v\u00e1s star\u00e1?","item":"https:\/\/www.kamaso.cz\/kdo-se-o-vas-stara\/#breadcrumbitem"}]}]